{"id":12251,"date":"2016-11-14T00:00:00","date_gmt":"2021-06-28T14:51:58","guid":{"rendered":"https:\/\/arquiconsult.com\/?p=12251"},"modified":"2026-01-14T13:51:28","modified_gmt":"2026-01-14T13:51:28","slug":"porto-rh-meeting-3a-edicao","status":"publish","type":"post","link":"https:\/\/arquiconsult.com\/es\/porto-rh-meeting-3a-edicao\/","title":{"rendered":"PORTO RH MEETING, 3\u00aa EDI\u00c7\u00c3O"},"content":{"rendered":"<h4 style=\"text-align: left;\">Agradecemos a todos os que visitaram a <a href=\"https:\/\/arquiconsult.com\/\"><strong>Arquiconsult<\/strong><\/a> no <strong>Porto RH Meeting,<\/strong> no dia 9 e 10 de Novembro.<\/h4>\n<hr id=\"system-readmore\" \/>\n<p style=\"text-align: left;\">Mais uma vez, o Porto RH Meeting aconteceu na Alf\u00e2ndega do Porto, mesmo sobre o rio Douro, nesta que foi a 3\u00aa edi\u00e7\u00e3o do evento.<\/p>\n<p style=\"text-align: left;\">Contou com <strong>mais de 700 participantes<\/strong> e come\u00e7a j\u00e1 a afirmar-se como uma das presen\u00e7as obrigat\u00f3rias na agenda de confer\u00eancias ligadas aos Recursos Humanos. Nesta edi\u00e7\u00e3o os temas focaram-se no indiv\u00edduo, na expectativa do colaborador e nas formas de motivar as equipas de trabalho.<\/p>\n<p style=\"text-align: left;\"><img loading=\"lazy\" class=\"attachment-full size-full\" title=\"A Arquiconsult no Porto RH Meeting\" src=\"https:\/\/i0.wp.com\/dev.arquiconsult.es\/wp-content\/uploads\/2021\/06\/porto-rh-meeting-2.jpg?fit=750%2C500\" sizes=\"(max-width: 750px) 100vw, 750px\" srcset=\"https:\/\/i0.wp.com\/dev.arquiconsult.es\/wp-content\/uploads\/2021\/06\/porto-rh-meeting-2.jpg?w=750 750w, https:\/\/i0.wp.com\/dev.arquiconsult.es\/wp-content\/uploads\/2021\/06\/porto-rh-meeting-2.jpg?resize=640%2C427 640w\" alt=\"A Arquiconsult no Porto RH Meeting\" width=\"750\" height=\"500\" \/><\/p>\n<h3 style=\"text-align: left;\">A Arquiconsult marcou presen\u00e7a para continuar a divulgar a nossa solu\u00e7\u00e3o para o Portal do Empregado \u2013 <a href=\"https:\/\/arquiconsult.com\/employee-portal\/\" target=\"_blank\" rel=\"noopener\">Employee Portal<\/a> \u2013 e a solu\u00e7\u00e3o assente no Business Intelligence \u2013 <a href=\"https:\/\/arquiconsult.com\/business-intelligence\/\">B!HR.<\/a><\/h3>\n<!--themify_builder_content-->\n<div id=\"themify_builder_content-12251\" data-postid=\"12251\" class=\"themify_builder_content themify_builder_content-12251 themify_builder tf_clear\">\n    <\/div>\n<!--\/themify_builder_content-->\n","protected":false},"excerpt":{"rendered":"<p>Agradecemos a todos os que visitaram a Arquiconsult no Porto RH Meeting, no dia 9 e 10 de Novembro. Mais uma vez, o Porto RH Meeting aconteceu na Alf\u00e2ndega do Porto, mesmo sobre o rio Douro, nesta que foi a 3\u00aa edi\u00e7\u00e3o do evento. Contou com mais de 700 participantes e come\u00e7a j\u00e1 a afirmar-se [&hellip;]<\/p>\n","protected":false},"author":4,"featured_media":29733,"comment_status":"open","ping_status":"open","sticky":false,"template":"","format":"standard","meta":[],"categories":[1126],"tags":[1302,1404,1183,1405,1184],"acf":[],"_links":{"self":[{"href":"https:\/\/arquiconsult.com\/es\/wp-json\/wp\/v2\/posts\/12251"}],"collection":[{"href":"https:\/\/arquiconsult.com\/es\/wp-json\/wp\/v2\/posts"}],"about":[{"href":"https:\/\/arquiconsult.com\/es\/wp-json\/wp\/v2\/types\/post"}],"author":[{"embeddable":true,"href":"https:\/\/arquiconsult.com\/es\/wp-json\/wp\/v2\/users\/4"}],"replies":[{"embeddable":true,"href":"https:\/\/arquiconsult.com\/es\/wp-json\/wp\/v2\/comments?post=12251"}],"version-history":[{"count":1,"href":"https:\/\/arquiconsult.com\/es\/wp-json\/wp\/v2\/posts\/12251\/revisions"}],"predecessor-version":[{"id":121442,"href":"https:\/\/arquiconsult.com\/es\/wp-json\/wp\/v2\/posts\/12251\/revisions\/121442"}],"wp:featuredmedia":[{"embeddable":true,"href":"https:\/\/arquiconsult.com\/es\/wp-json\/wp\/v2\/media\/29733"}],"wp:attachment":[{"href":"https:\/\/arquiconsult.com\/es\/wp-json\/wp\/v2\/media?parent=12251"}],"wp:term":[{"taxonomy":"category","embeddable":true,"href":"https:\/\/arquiconsult.com\/es\/wp-json\/wp\/v2\/categories?post=12251"},{"taxonomy":"post_tag","embeddable":true,"href":"https:\/\/arquiconsult.com\/es\/wp-json\/wp\/v2\/tags?post=12251"}],"curies":[{"name":"wp","href":"https:\/\/api.w.org\/{rel}","templated":true}]}}