{"id":14159,"date":"2018-01-12T00:00:00","date_gmt":"2018-01-11T23:00:00","guid":{"rendered":"https:\/\/arquiconsult.com\/?p=14159"},"modified":"2026-01-12T16:30:06","modified_gmt":"2026-01-12T16:30:06","slug":"as-melhores-praticas-para-reter-talentos-numa-pme","status":"publish","type":"post","link":"https:\/\/arquiconsult.com\/es\/as-melhores-praticas-para-reter-talentos-numa-pme\/","title":{"rendered":"AS MELHORES PR\u00c1TICAS PARA RETER TALENTOS NUMA PME"},"content":{"rendered":"<h4 style=\"text-align: left;\">Um tema muito discutido atualmente \u00e9 a import\u00e2ncia das<a href=\"https:\/\/www.pordata.pt\/Subtema\/Portugal\/Pequenas+e+M%C3%A9dias+Empresas+(PME)-378\" target=\"_blank\" rel=\"noopener\"> PMEs<\/a> no mercado nacional e, por isso, vale a pena debru\u00e7armo-nos sobre como estas empresas gerem a reten\u00e7\u00e3o de Talentos no seu interior.<\/h4>\n<hr id=\"system-readmore\" \/>\n<p style=\"text-align: left;\">Atualmente\u202f<strong>as pessoas est\u00e3o no centro das preocupa\u00e7\u00f5es das empresas,<\/strong> h\u00e1 muito que gestores perceberam, que se querem ter empresas s\u00f3lidas t\u00eam de valorizar os indiv\u00edduos que as comp\u00f5em. Em empresas de m\u00e9dia dimens\u00e3o, que ambicionam expandir-se no mercado, esta tomada de consci\u00eancia \u00e9 t\u00e3o ou mais premente, pois a sua evolu\u00e7\u00e3o est\u00e1 intrinsecamente associada \u00e0 capacidade de reter as pessoas certas nas atividades mais importantes para o neg\u00f3cio.<\/p>\n<p style=\"text-align: left;\">Trocando por mi\u00fados, reter talentos, n\u00e3o \u00e9 mais que manter os indiv\u00edduos que possuem caracter\u00edsticas diferenciadoras dos demais, que trazem para a organiza\u00e7\u00e3o vantagens competitivas e, ao mesmo tempo, <strong>criar as melhores condi\u00e7\u00f5es para o crescimento e desenvolvimento desses mesmos indiv\u00edduos.<\/strong> No fundo,\u202fcriar as condi\u00e7\u00f5es necess\u00e1rias para que n\u00e3o queiram mudar.<\/p>\n<p style=\"text-align: left;\">No universo das PMEs \u00e9 frequente encontrarmos empresas que ainda n\u00e3o t\u00eam uma estrutura que contemple um departamento de recursos humanos ou um profissional que se dedique a esta \u00e1rea e tenha responsabilidades no desenvolvimento de a\u00e7\u00f5es deste foro, o que ir\u00e1 inevitavelmente dificultar o processo de an\u00e1lise de compet\u00eancias e, por iner\u00eancia, a capacidade de reter talentos. Isto transporta-nos para os casos em que n\u00e3o existe uma avalia\u00e7\u00e3o de desempenho eficaz. Reconhecer talentos nestas circunst\u00e2ncias passa muito por\u202f<strong>identificar padr\u00f5es de comportamentos, compet\u00eancias diferenciadoras e o grau de comprometimento com a empresa. <\/strong><\/p>\n<p style=\"text-align: left;\">A avalia\u00e7\u00e3o de desempenho ou o feedback regular s\u00e3o estrat\u00e9gias fundamentais para este processo, bem como, a forma\u00e7\u00e3o, quando bem alinhada ou uma pol\u00edtica de acultura\u00e7\u00e3o assente na comunica\u00e7\u00e3o interna ou a realiza\u00e7\u00e3o de eventos corporativos. N\u00e3o podemos, contudo, esquecer-nos das pr\u00e1ticas de recompensa e reconhecimento que s\u00e3o tamb\u00e9m necess\u00e1rias e t\u00eam de ser bem estruturadas dentro de uma organiza\u00e7\u00e3o.\u202f<strong>Um sistema de premia\u00e7\u00e3o tem de ser justo e ter alicerces assentes em valores e objetivos concretos. <\/strong><\/p>\n<p style=\"text-align: left;\">Sabemos que uma PME n\u00e3o tem uma estrutura financeira robusta para conseguir muitas das vezes premiar financeiramente os seus colaboradores, mas fazem um esfor\u00e7o para retribuir satisfatoriamente os seus colaboradores de forma a motiv\u00e1-los.<\/p>\n<p style=\"text-align: left;\">Existem tamb\u00e9m\u202f<strong>estrat\u00e9gias eficazes que podem ser tidas em conta no processo de reten\u00e7\u00e3o, como: <\/strong><\/p>\n<ul style=\"text-align: left;\">\n<li>Atribui\u00e7\u00e3o de trabalhos mais desafiantes;<\/li>\n<li>Forma\u00e7\u00e3o dirigida;<\/li>\n<li>Empowerment;<\/li>\n<li>Reconhecimento;<\/li>\n<li>Pol\u00edtica de comunica\u00e7\u00e3o interna eficaz;<\/li>\n<li>Fomento da participa\u00e7\u00e3o ativa dos colaboradores em eventos\/atividades corporativas.<\/li>\n<\/ul>\n<h3 style=\"text-align: left;\">As empresas s\u00e3o o fruto da capacidade produtiva das pessoas. Quanto mais valorizadas, mais fidelizadas estar\u00e3o nas empresas onde se encontram.<\/h3>\n<p style=\"text-align: left;\">S\u00f3 se consegue obter valor acrescentado com colaboradores comprometidos com a vis\u00e3o e org\u00e2nica da empresa, com a miss\u00e3o e os processos desenvolvidos. E s\u00f3 esses colaboradores comprometidos garantem a qualidade dos produtos e dos servi\u00e7os que a organiza\u00e7\u00e3o representa no mercado.<\/p>\n<!--themify_builder_content-->\n<div id=\"themify_builder_content-14159\" data-postid=\"14159\" class=\"themify_builder_content themify_builder_content-14159 themify_builder tf_clear\">\n    <\/div>\n<!--\/themify_builder_content-->\n","protected":false},"excerpt":{"rendered":"<p>Um tema muito discutido atualmente \u00e9 a import\u00e2ncia das PMEs no mercado nacional e, por isso, vale a pena debru\u00e7armo-nos sobre como estas empresas gerem a reten\u00e7\u00e3o de Talentos no seu interior. Atualmente\u202fas pessoas est\u00e3o no centro das preocupa\u00e7\u00f5es das empresas, h\u00e1 muito que gestores perceberam, que se querem ter empresas s\u00f3lidas t\u00eam de valorizar [&hellip;]<\/p>\n","protected":false},"author":4,"featured_media":30135,"comment_status":"open","ping_status":"open","sticky":false,"template":"","format":"standard","meta":[],"categories":[2701],"tags":[1183,1213,1184],"acf":[],"_links":{"self":[{"href":"https:\/\/arquiconsult.com\/es\/wp-json\/wp\/v2\/posts\/14159"}],"collection":[{"href":"https:\/\/arquiconsult.com\/es\/wp-json\/wp\/v2\/posts"}],"about":[{"href":"https:\/\/arquiconsult.com\/es\/wp-json\/wp\/v2\/types\/post"}],"author":[{"embeddable":true,"href":"https:\/\/arquiconsult.com\/es\/wp-json\/wp\/v2\/users\/4"}],"replies":[{"embeddable":true,"href":"https:\/\/arquiconsult.com\/es\/wp-json\/wp\/v2\/comments?post=14159"}],"version-history":[{"count":1,"href":"https:\/\/arquiconsult.com\/es\/wp-json\/wp\/v2\/posts\/14159\/revisions"}],"predecessor-version":[{"id":121313,"href":"https:\/\/arquiconsult.com\/es\/wp-json\/wp\/v2\/posts\/14159\/revisions\/121313"}],"wp:featuredmedia":[{"embeddable":true,"href":"https:\/\/arquiconsult.com\/es\/wp-json\/wp\/v2\/media\/30135"}],"wp:attachment":[{"href":"https:\/\/arquiconsult.com\/es\/wp-json\/wp\/v2\/media?parent=14159"}],"wp:term":[{"taxonomy":"category","embeddable":true,"href":"https:\/\/arquiconsult.com\/es\/wp-json\/wp\/v2\/categories?post=14159"},{"taxonomy":"post_tag","embeddable":true,"href":"https:\/\/arquiconsult.com\/es\/wp-json\/wp\/v2\/tags?post=14159"}],"curies":[{"name":"wp","href":"https:\/\/api.w.org\/{rel}","templated":true}]}}