{"id":14183,"date":"2017-01-17T00:00:00","date_gmt":"2017-01-16T23:00:00","guid":{"rendered":"https:\/\/arquiconsult.com\/?p=14183"},"modified":"2026-01-14T10:01:56","modified_gmt":"2026-01-14T10:01:56","slug":"avaliacao-de-desempenho-ad-alavanca-para-o-crescimento-pessoal-e-organizacional","status":"publish","type":"post","link":"https:\/\/arquiconsult.com\/es\/avaliacao-de-desempenho-ad-alavanca-para-o-crescimento-pessoal-e-organizacional\/","title":{"rendered":"AVALIA\u00c7\u00c3O DE DESEMPENHO (AD) &#8211; ALAVANCA PARA O CRESCIMENTO PESSOAL E ORGANIZACIONAL"},"content":{"rendered":"<p style=\"text-align: left;\">As opini\u00f5es dividem-se e s\u00e3o muito variadas quando falamos em metodologias de avalia\u00e7\u00e3o de avalia\u00e7\u00e3o e o peso da avalia\u00e7\u00e3o numa empresa.<\/p>\n<hr id=\"system-readmore\" \/>\n<h4 style=\"text-align: left;\">Como certo podemos afirmar que a avalia\u00e7\u00e3o de desempenho deve ser encarada como uma ferramenta de gest\u00e3o que possibilita de forma mais objetiva verificar o potencial de cada colaborador na estrutura da empresa, de que forma os m\u00e9todos de trabalho podem ser melhorados (inovados ou substitu\u00eddos) e se as metas tra\u00e7adas s\u00e3o efetivamente objetivos tang\u00edveis e exequ\u00edveis.<\/h4>\n<p style=\"text-align: left;\"><strong>Mas para que esta avalia\u00e7\u00e3o seja fidedigna e nos d\u00ea os indicadores necess\u00e1rios tem de abranger todos dentro da estrutura e tem de ser capaz de medir crit\u00e9rios como: vis\u00e3o estrat\u00e9gica, lideran\u00e7a, delega\u00e7\u00e3o de tarefas, iniciativa, gest\u00e3o de conflitos, capacidade de negocia\u00e7\u00e3o, adapta\u00e7\u00e3o \u00e0 mudan\u00e7a e compet\u00eancias interpessoais e at\u00e9 mesmo, trabalho de equipa e partilha da cultura organizacional.<\/strong> A consci\u00eancia desta necessidade implica inequivocamente a mudan\u00e7a de paradigmas e leva-nos a uma avalia\u00e7\u00e3o abrangente que vai muito al\u00e9m de indicadores de produ\u00e7\u00e3o.<\/p>\n<p style=\"text-align: left;\">Isto implica que o processo de avalia\u00e7\u00e3o por si evoluiu e as metodologias de avalia\u00e7\u00e3o n\u00e3o podem hoje ser as mesmas de ontem. Nunca o termo \u2018Talento\u2019 teve tanta import\u00e2ncia na gest\u00e3o e nunca antes os talentos das organiza\u00e7\u00f5es foram t\u00e3o assediados. E o colaborador, o talento, s\u00f3 permanece se for valorizado.<\/p>\n<p style=\"text-align: left;\">Torna-se cada vez mais importante para a estabilidade e crescimento de uma organiza\u00e7\u00e3o o reconhecimento do m\u00e9rito dos trabalhadores que diariamente se destacam pela sua entrega e capacidade de superar desafios. Quanto mais reconhecidos forem os nossos talentos dentro de casa, mais teremos como resposta a crescente motiva\u00e7\u00e3o e vontade de abra\u00e7ar novas oportunidades.<\/p>\n<p style=\"text-align: left;\">Caminhamos assim, e j\u00e1 nas \u00faltimas d\u00e9cadas o verificamos, para a Avalia\u00e7\u00e3o por Compet\u00eancias. Temos por isso de:<\/p>\n<div class=\"well\" style=\"text-align: left;\">\n<blockquote class=\"text-jutify\" style=\"margin-bottom: 0;\"><p>Pensar a avalia\u00e7\u00e3o de desempenho por compet\u00eancias como um poderoso meio de identificar os potenciais dos funcion\u00e1rios, melhorar o desempenho da equipa e a qualidade das rela\u00e7\u00f5es dos funcion\u00e1rios e superiores, assim como estimular os funcion\u00e1rios a assumir a responsabilidade pela excel\u00eancia dos resultados pessoais e empresariais.<\/p>\n<p><small>GRAMIGNA, M. R. &#8211; Modelo de Compet\u00eancias e Gest\u00e3o dos Talentos. S\u00e3o Paulo: Pearson Education, 2002<\/small><\/p><\/blockquote>\n<\/div>\n<p style=\"text-align: left;\">No modelo de Gest\u00e3o por Compet\u00eancias a avalia\u00e7\u00e3o \u00e9 apenas uma ferramenta que auxilia o funcion\u00e1rio a descobrir por si mesmo e para a organiza\u00e7\u00e3o, quais as compet\u00eancias que possui e quais deve desenvolver ou incrementar. Esse processo dever\u00e1 estar sempre alinhado \u00e0s compet\u00eancias essenciais da pr\u00f3pria organiza\u00e7\u00e3o. <strong>Para implementarmos um modelo de avalia\u00e7\u00e3o que toma por base as compet\u00eancias pessoais \u00e9 imprescind\u00edvel que tenhamos consci\u00eancia da agilidade, mobilidade e inova\u00e7\u00e3o que as organiza\u00e7\u00f5es precisam para gerir as mudan\u00e7as constantes, amea\u00e7as e oportunidades emergentes.<\/strong><\/p>\n<p style=\"text-align: left;\">S\u00e3o essas mudan\u00e7as que levam a pr\u00f3pria empresa a rever muitas das suas estrat\u00e9gias organizacionais e tamb\u00e9m a levam a repensar quais s\u00e3o as compet\u00eancias necess\u00e1rias ou desej\u00e1veis nos profissionais que integram os quadros no presente e no futuro.<\/p>\n<p style=\"text-align: left;\">Uma gest\u00e3o baseada nas compet\u00eancias representa uma mudan\u00e7a cultural em dire\u00e7\u00e3o a um maior senso de responsabilidade e autogest\u00e3o dos funcion\u00e1rios.<\/p>\n<p style=\"text-align: left;\">Por isso percebe-se que em muitas organiza\u00e7\u00f5es h\u00e1 uma crescente preocupa\u00e7\u00e3o em implementar um sistema de avalia\u00e7\u00e3o que visa apurar quem s\u00e3o os seus colaboradores, identificar problemas de integra\u00e7\u00e3o, supervis\u00e3o, motiva\u00e7\u00e3o, subaproveitamento, necessidades formativas e outros.<\/p>\n<p style=\"text-align: left;\">As pessoas com suas atitudes, conhecimentos e habilidades s\u00e3o o principal alicerce das organiza\u00e7\u00f5es!<\/p>\n<p class=\"lead\" style=\"text-align: left;\">A <strong>Avalia\u00e7\u00e3o de Desempenho por compet\u00eancias<\/strong> \u00e9 a ferramenta efetiva para avaliar eficazmente o desempenho, alcan\u00e7ando um maior n\u00edvel de profundidade que ajuda a identificar as causas do desempenho deficiente, e \u00e9 talvez o meio mais importante de fornecer indicadores e crit\u00e9rios objetivos para cada colaborador maximizar o seu desempenho profissional.<\/p>\n<h2 style=\"text-align: left;\">Conhe\u00e7a o <a href=\"https:\/\/arquiconsult.com\/employee-portal\/\">Employee Portal<\/a><\/h2>\n<!--themify_builder_content-->\n<div id=\"themify_builder_content-14183\" data-postid=\"14183\" class=\"themify_builder_content themify_builder_content-14183 themify_builder tf_clear\">\n    <\/div>\n<!--\/themify_builder_content-->\n","protected":false},"excerpt":{"rendered":"<p>As opini\u00f5es dividem-se e s\u00e3o muito variadas quando falamos em metodologias de avalia\u00e7\u00e3o de avalia\u00e7\u00e3o e o peso da avalia\u00e7\u00e3o numa empresa. Como certo podemos afirmar que a avalia\u00e7\u00e3o de desempenho deve ser encarada como uma ferramenta de gest\u00e3o que possibilita de forma mais objetiva verificar o potencial de cada colaborador na estrutura da empresa, [&hellip;]<\/p>\n","protected":false},"author":4,"featured_media":30204,"comment_status":"open","ping_status":"open","sticky":false,"template":"","format":"standard","meta":[],"categories":[2701],"tags":[1273,1183,1298,1213,1184],"acf":[],"_links":{"self":[{"href":"https:\/\/arquiconsult.com\/es\/wp-json\/wp\/v2\/posts\/14183"}],"collection":[{"href":"https:\/\/arquiconsult.com\/es\/wp-json\/wp\/v2\/posts"}],"about":[{"href":"https:\/\/arquiconsult.com\/es\/wp-json\/wp\/v2\/types\/post"}],"author":[{"embeddable":true,"href":"https:\/\/arquiconsult.com\/es\/wp-json\/wp\/v2\/users\/4"}],"replies":[{"embeddable":true,"href":"https:\/\/arquiconsult.com\/es\/wp-json\/wp\/v2\/comments?post=14183"}],"version-history":[{"count":2,"href":"https:\/\/arquiconsult.com\/es\/wp-json\/wp\/v2\/posts\/14183\/revisions"}],"predecessor-version":[{"id":121367,"href":"https:\/\/arquiconsult.com\/es\/wp-json\/wp\/v2\/posts\/14183\/revisions\/121367"}],"wp:featuredmedia":[{"embeddable":true,"href":"https:\/\/arquiconsult.com\/es\/wp-json\/wp\/v2\/media\/30204"}],"wp:attachment":[{"href":"https:\/\/arquiconsult.com\/es\/wp-json\/wp\/v2\/media?parent=14183"}],"wp:term":[{"taxonomy":"category","embeddable":true,"href":"https:\/\/arquiconsult.com\/es\/wp-json\/wp\/v2\/categories?post=14183"},{"taxonomy":"post_tag","embeddable":true,"href":"https:\/\/arquiconsult.com\/es\/wp-json\/wp\/v2\/tags?post=14183"}],"curies":[{"name":"wp","href":"https:\/\/api.w.org\/{rel}","templated":true}]}}