{"id":41351,"date":"2022-05-03T14:58:07","date_gmt":"2022-05-03T13:58:07","guid":{"rendered":"https:\/\/arquiconsult.com\/?p=41351"},"modified":"2026-01-14T15:10:19","modified_gmt":"2026-01-14T15:10:19","slug":"comunicacao-a-at","status":"publish","type":"post","link":"https:\/\/arquiconsult.com\/es\/comunicacao-a-at\/","title":{"rendered":"COMUNICA\u00c7\u00c3O \u00c0 AT DAS S\u00c9RIES DE FATURA\u00c7\u00c3O (ATCUD)"},"content":{"rendered":"<p style=\"text-align: left;\">Informamos que j\u00e1 se encontra dispon\u00edvel a solu\u00e7\u00e3o para comunica\u00e7\u00e3o \u00e0 AT das s\u00e9ries de numera\u00e7\u00e3o utilizadas no registo de faturas e outros documentos fiscalmente relevantes, emitidos a partir dos sistemas Microsoft Dynamics NAV\/365 Business Central.\u00a0 De salientar que a solu\u00e7\u00e3o est\u00e1 preparada para os dois mecanismos de comunica\u00e7\u00e3o disponibilizados pela Autoridade Tribut\u00e1ria: <strong><span style=\"font-family: 'Segoe UI',sans-serif;\">manual ou webservices<\/span><\/strong>.<\/p>\n<div class=\"services_vertical horizontal_services row\" style=\"background-color: #f7f7f7; padding: 25px; border-radius: 5px; text-align: left;\">\n<p><strong>Relembramos que \u00e9 obrigat\u00f3ria a comunica\u00e7\u00e3o das s\u00e9ries de registo nas seguintes classes de documentos<\/strong>:<\/p>\n<ul>\n<li style=\"list-style-type: none;\">\n<ul>\n<li>Faturas e documentos retificativos\n<ul>\n<li>emitidos em nome do sujeito passivo<\/li>\n<li>emitidos ao abrigo da Autofatura\u00e7\u00e3o<\/li>\n<li>emitidos em nome e por conta de terceiros<\/li>\n<\/ul>\n<\/li>\n<li>Documentos de transporte<\/li>\n<li>Documentos de Confer\u00eancia &#8211; <em>Working Documents<\/em><\/li>\n<li>Recibos<\/li>\n<\/ul>\n<\/li>\n<\/ul>\n<\/div>\n<div style=\"text-align: left;\">\n<p style=\"text-align: justify; vertical-align: baseline;\">\n<\/div>\n<div class=\"services_vertical horizontal_services row\" style=\"background-color: #f7f7f7; padding: 25px; border-radius: 5px; text-align: justify;\">\n<p style=\"text-align: left;\">Chamamos, ainda, a aten\u00e7\u00e3o para alguns aspetos a ter em conta:<\/p>\n<ul>\n<li style=\"text-align: left;\">De acordo com o despacho 351-2021.XXII, o ATCUD pode ser associado \u00e0s s\u00e9ries em uso e comunicadas durante o ano 2022, mas s\u00f3 \u00e9 obrigat\u00f3rio a partir de 1\/1\/2023;<\/li>\n<li style=\"text-align: left;\">S\u00e9ries plurianuais s\u00f3 s\u00e3o comunicadas no ano em que se inicia a sua utiliza\u00e7\u00e3o;<\/li>\n<li style=\"text-align: left;\">Cada s\u00e9rie tem de ser comunicada antes do in\u00edcio da sua utiliza\u00e7\u00e3o.<\/li>\n<\/ul>\n<\/div>\n<div>\n<p style=\"text-align: center;\"><strong>Mais informa\u00e7\u00f5es dispon\u00edveis em <a href=\"https:\/\/info.portaldasfinancas.gov.pt\/pt\/apoio_contribuinte\/Faturacao\/Comunicacao_Series_ATCUD\/Paginas\/default.aspx\" target=\"_blank\" rel=\"noopener\"><span style=\"font-family: Helvetica, sans-serif;\">Portal das Finan\u00e7as<\/span><\/a>.<\/strong><\/p>\n<p align=\"center\">\n<\/div>\n<p style=\"text-align: left;\">Para a disponibiliza\u00e7\u00e3o desta atualiza\u00e7\u00e3o,\u00a0 e de forma a assegurar um correto planeamento dos trabalhos, pedimos aos nossos Clientes para, por favor, efetuarem os seus pedidos atrav\u00e9s da plataforma de suporte<span style=\"font-family: 'Segoe UI',sans-serif;\"> <a href=\"https:\/\/support.arquiconsult.com\/\"><u><span style=\"font-family: 'Helvetica',sans-serif; color: blue;\">https:\/\/support.arquiconsult.com\/<\/span><\/u><\/a>.<\/span><\/p>\n<p style=\"text-align: left;\"><strong>Refor\u00e7amos que manter o sistema atualizado, e numa vers\u00e3o suportada, \u00e9 fudamental para garantir que o programa se encontra em conformidade com as exig\u00eancias legais e fiscais em vigor.<\/strong><\/p>\n<!--themify_builder_content-->\n<div id=\"themify_builder_content-41351\" data-postid=\"41351\" class=\"themify_builder_content themify_builder_content-41351 themify_builder tf_clear\">\n    <\/div>\n<!--\/themify_builder_content-->\n","protected":false},"excerpt":{"rendered":"<p>Informamos que j\u00e1 se encontra dispon\u00edvel a solu\u00e7\u00e3o para comunica\u00e7\u00e3o \u00e0 AT das s\u00e9ries de numera\u00e7\u00e3o utilizadas no registo de faturas e outros documentos fiscalmente relevantes, emitidos a partir dos sistemas Microsoft Dynamics NAV\/365 Business Central.\u00a0 De salientar que a solu\u00e7\u00e3o est\u00e1 preparada para os dois mecanismos de comunica\u00e7\u00e3o disponibilizados pela Autoridade Tribut\u00e1ria: manual ou [&hellip;]<\/p>\n","protected":false},"author":4,"featured_media":41362,"comment_status":"open","ping_status":"open","sticky":false,"template":"","format":"standard","meta":[],"categories":[2126,1128],"tags":[1348,2141,1342,2059,2142,2347],"acf":[],"_links":{"self":[{"href":"https:\/\/arquiconsult.com\/es\/wp-json\/wp\/v2\/posts\/41351"}],"collection":[{"href":"https:\/\/arquiconsult.com\/es\/wp-json\/wp\/v2\/posts"}],"about":[{"href":"https:\/\/arquiconsult.com\/es\/wp-json\/wp\/v2\/types\/post"}],"author":[{"embeddable":true,"href":"https:\/\/arquiconsult.com\/es\/wp-json\/wp\/v2\/users\/4"}],"replies":[{"embeddable":true,"href":"https:\/\/arquiconsult.com\/es\/wp-json\/wp\/v2\/comments?post=41351"}],"version-history":[{"count":2,"href":"https:\/\/arquiconsult.com\/es\/wp-json\/wp\/v2\/posts\/41351\/revisions"}],"predecessor-version":[{"id":121480,"href":"https:\/\/arquiconsult.com\/es\/wp-json\/wp\/v2\/posts\/41351\/revisions\/121480"}],"wp:featuredmedia":[{"embeddable":true,"href":"https:\/\/arquiconsult.com\/es\/wp-json\/wp\/v2\/media\/41362"}],"wp:attachment":[{"href":"https:\/\/arquiconsult.com\/es\/wp-json\/wp\/v2\/media?parent=41351"}],"wp:term":[{"taxonomy":"category","embeddable":true,"href":"https:\/\/arquiconsult.com\/es\/wp-json\/wp\/v2\/categories?post=41351"},{"taxonomy":"post_tag","embeddable":true,"href":"https:\/\/arquiconsult.com\/es\/wp-json\/wp\/v2\/tags?post=41351"}],"curies":[{"name":"wp","href":"https:\/\/api.w.org\/{rel}","templated":true}]}}