{"id":107065,"date":"2024-05-07T12:36:12","date_gmt":"2024-05-07T11:36:12","guid":{"rendered":"https:\/\/arquiconsult.com\/?p=107065"},"modified":"2026-01-12T10:31:35","modified_gmt":"2026-01-12T10:31:35","slug":"konica-minolta-da-um-salto-gigante-na-tecnologia","status":"publish","type":"post","link":"https:\/\/arquiconsult.com\/pt-br\/konica-minolta-da-um-salto-gigante-na-tecnologia\/","title":{"rendered":"KONICA MINOLTA D\u00c1 UM &#8220;SALTO GIGANTE&#8221; NA TECNOLOGIA"},"content":{"rendered":"<!--themify_builder_content-->\n<div id=\"themify_builder_content-107065\" data-postid=\"107065\" class=\"themify_builder_content themify_builder_content-107065 themify_builder tf_clear\">\n    \t<!-- module_row -->\n\t<div  data-lazy=\"1\" class=\"module_row themify_builder_row tb_lcjr906 tb_first tf_clearfix\">\n\t    \t\t<div class=\"row_inner col_align_top col-count-1 tf_box tf_w tf_rel\">\n\t\t\t<div  data-lazy=\"1\" class=\"module_column tb-column col-full first tb_i3y7906 tf_box\">\n\t\t\t    \t        <div class=\"tb-column-inner tf_box tf_w\">\n\t\t    <!-- module text -->\n<div  class=\"module module-text tb_fyua907   \" data-lazy=\"1\">\n        <div  class=\"tb_text_wrap\">\n    <h3>A Konica Minolta, l\u00edder global em solu\u00e7\u00f5es de TI e impress\u00e3o profissional, deu um avan\u00e7o tecnol\u00f3gico significativo nas suas opera\u00e7\u00f5es de Recursos Humanos (RH) ao implementar a solu\u00e7\u00e3o NAVHR em parceria com a Arquiconsult.<\/h3><p>Diante de um sistema desatualizado que j\u00e1 n\u00e3o atendia \u00e0s suas necessidades em evolu\u00e7\u00e3o, a Konica Minolta procurou uma plataforma moderna e \u00e1gil, capaz de simplificar a extra\u00e7\u00e3o e an\u00e1lise de dados. A escolha pela Arquiconsult foi natural, baseada numa rela\u00e7\u00e3o de longa data e na profunda experi\u00eancia da consultora em sistemas de RH. Como destacou Patr\u00edcia Pereira, Diretora de RH da Konica Minolta: \u201cReconhecemos o valor das equipas da Arquiconsult e o seu conhecimento nas \u00e1reas de RH, por isso foi uma escolha natural\u201d.<\/p><p>A solu\u00e7\u00e3o NAVHR, por ser baseada na cloud, oferece acesso intuitivo \u00e0 informa\u00e7\u00e3o a qualquer momento, melhorando significativamente a organiza\u00e7\u00e3o dos dados e a efici\u00eancia dos departamentos. Um dos benef\u00edcios mais impactantes foi o tempo poupado nas tarefas de processamento salarial, que anteriormente consumiam muitos recursos. \u201cComparado com o que t\u00ednhamos antes, foi um salto gigante. Poupamos muito tempo no processamento salarial\u201d, afirmou Patr\u00edcia Pereira.<\/p>    <\/div>\n<\/div>\n<!-- \/module text -->\t        <\/div>\n\t    \t<\/div>\n\t\t    <\/div>\n\t    <!-- \/row_inner -->\n\t<\/div>\n\t<!-- \/module_row -->\n\t\t<!-- module_row -->\n\t<div  data-lazy=\"1\" class=\"module_row themify_builder_row tb_hi1g132 tf_clearfix\">\n\t    \t\t<div class=\"row_inner col_align_top col-count-1 tf_box tf_w tf_rel\">\n\t\t\t<div  data-lazy=\"1\" class=\"module_column tb-column col-full first tb_8gdm132 tf_box\">\n\t\t\t    \t        <div class=\"tb-column-inner tf_box tf_w\">\n\t\t    <!-- module text -->\n<div  class=\"module module-text tb_rtpt132   \" data-lazy=\"1\">\n        <div  class=\"tb_text_wrap\">\n    <h1>\u00a0<\/h1><blockquote><p>A transi\u00e7\u00e3o para o novo sistema foi suave e r\u00e1pida, com a equipa de RH a adaptar-se \u00e0 plataforma em apenas alguns meses. A Arquiconsult prestou apoio cont\u00ednuo durante toda a implementa\u00e7\u00e3o, garantindo um arranque bem-sucedido.\u00a0<\/p><p><strong>Veja a entrevista completa aqui: <a href=\"https:\/\/youtu.be\/HcqkQtxXp4c?si=VA9JKyXdicVp3gjI\" target=\"_blank\" rel=\"noopener\">Link<\/a><\/strong><\/p><\/blockquote>    <\/div>\n<\/div>\n<!-- \/module text -->\t        <\/div>\n\t    \t<\/div>\n\t\t    <\/div>\n\t    <!-- \/row_inner -->\n\t<\/div>\n\t<!-- \/module_row -->\n\t<\/div>\n<!--\/themify_builder_content-->","protected":false},"excerpt":{"rendered":"<p>\u00c9 com grande entusiasmo que anunciamos a integra\u00e7\u00e3o da F\u00eanix, uma consultora brasileira com s\u00f3lida atua\u00e7\u00e3o nos mercados do Brasil, Estados Unidos e Am\u00e9rica Latina, ao grupo\u00a0Arquiconsult. Com mais de 26 anos de experi\u00eancia e reconhecida expertise na implementa\u00e7\u00e3o de solu\u00e7\u00f5es do ecossistema\u00a0Microsoft Dynamics, a F\u00eanix passa agora a fazer parte integrante da nossa organiza\u00e7\u00e3o. [&hellip;]<\/p>\n","protected":false},"author":4,"featured_media":107074,"comment_status":"open","ping_status":"open","sticky":false,"template":"","format":"standard","meta":[],"categories":[1129],"tags":[2728,2729,1147,2509,1213],"acf":[],"_links":{"self":[{"href":"https:\/\/arquiconsult.com\/pt-br\/wp-json\/wp\/v2\/posts\/107065"}],"collection":[{"href":"https:\/\/arquiconsult.com\/pt-br\/wp-json\/wp\/v2\/posts"}],"about":[{"href":"https:\/\/arquiconsult.com\/pt-br\/wp-json\/wp\/v2\/types\/post"}],"author":[{"embeddable":true,"href":"https:\/\/arquiconsult.com\/pt-br\/wp-json\/wp\/v2\/users\/4"}],"replies":[{"embeddable":true,"href":"https:\/\/arquiconsult.com\/pt-br\/wp-json\/wp\/v2\/comments?post=107065"}],"version-history":[{"count":1,"href":"https:\/\/arquiconsult.com\/pt-br\/wp-json\/wp\/v2\/posts\/107065\/revisions"}],"predecessor-version":[{"id":121207,"href":"https:\/\/arquiconsult.com\/pt-br\/wp-json\/wp\/v2\/posts\/107065\/revisions\/121207"}],"wp:featuredmedia":[{"embeddable":true,"href":"https:\/\/arquiconsult.com\/pt-br\/wp-json\/wp\/v2\/media\/107074"}],"wp:attachment":[{"href":"https:\/\/arquiconsult.com\/pt-br\/wp-json\/wp\/v2\/media?parent=107065"}],"wp:term":[{"taxonomy":"category","embeddable":true,"href":"https:\/\/arquiconsult.com\/pt-br\/wp-json\/wp\/v2\/categories?post=107065"},{"taxonomy":"post_tag","embeddable":true,"href":"https:\/\/arquiconsult.com\/pt-br\/wp-json\/wp\/v2\/tags?post=107065"}],"curies":[{"name":"wp","href":"https:\/\/api.w.org\/{rel}","templated":true}]}}