{"id":11588,"date":"2021-05-17T00:00:00","date_gmt":"2021-06-17T09:58:27","guid":{"rendered":"https:\/\/arquiconsult.com\/?p=11588"},"modified":"2026-01-12T10:47:39","modified_gmt":"2026-01-12T10:47:39","slug":"grupo-malaquias-fiel-as-solucoes-arquiconsult","status":"publish","type":"post","link":"https:\/\/arquiconsult.com\/pt-br\/grupo-malaquias-fiel-as-solucoes-arquiconsult\/","title":{"rendered":"GRUPO MALAQUIAS FIEL \u00c0S SOLU\u00c7\u00d5ES DE GEST\u00c3O MICROSOFT IMPLEMENTADAS POR ARQUICONSULT"},"content":{"rendered":"<h4 style=\"text-align: left;\">Grupo <a href=\"https:\/\/www.facebook.com\/malaquiascashandcarry\/?locale=pt_PT\" target=\"_blank\" rel=\"noopener\">Malaquias<\/a> fiel \u00e0s Solu\u00e7\u00f5es de Gest\u00e3o Microsoft implementadas por <a href=\"https:\/\/arquiconsult.com\/\">Arquiconsult<\/a>.<\/h4>\n<hr id=\"system-readmore\" \/>\n<p style=\"text-align: left;\">O Grupo Malaquias, constitu\u00eddo por duas empresas com 100% capital nacional, \u00e9 hoje uma importante refer\u00eancia em Portugal, no mercado Africano e Europeu no Sector Alimentar (quer como grossita e retalhista de produtos alimentares, quer no engarrafamento e comercializa\u00e7\u00e3o de vinhos) e conta com mais de 15 anos com solu\u00e7\u00f5es Microsoft Dynamics na gest\u00e3o da sua atividade.<\/p>\n<div style=\"background-color: #f68800; padding: 25px; text-align: left;\">\n<p style=\"color: #ffffff;\"><b>Atualmente com mais de 250 colaboradores e com uma fatura\u00e7\u00e3o superior a 57 milh\u00f5es de euros, tem como pilares da sua gest\u00e3o a garantia de um elevado grau de qualidade, seguran\u00e7a e melhoria cont\u00ednua dos seus servi\u00e7os, de forma a responder de forma eficiente aos seus clientes.<\/b><\/p>\n<\/div>\n<p style=\"text-align: left;\">E porque a continuidade de uma rela\u00e7\u00e3o personalizada e de proximidade com os clientes e parceiros s\u00f3 \u00e9 poss\u00edvel com uma aposta na modernidade e evolu\u00e7\u00e3o tecnol\u00f3gica, este grupo mant\u00e9m-se atento \u00e0 evolu\u00e7\u00e3o das exig\u00eancias do mercado e apostou em 2021 na atualiza\u00e7\u00e3o do seu sistema de gest\u00e3o de forma a garantir a melhor presta\u00e7\u00e3o de servi\u00e7os e o cumprimento dos requisitos legais.<\/p>\n<div class=\"well\" style=\"text-align: left;\">\n<blockquote class=\"text-jutify\" style=\"margin-bottom: 0;\"><p><em>\u2018Tom\u00e1mos essa decis\u00e3o em fevereiro e a pandemia s\u00f3 come\u00e7ou em mar\u00e7o. O processo j\u00e1 estava em andamento, se n\u00e3o, n\u00e3o consegu\u00edamos garantir a implementa\u00e7\u00e3o em janeiro de 2021, que era obrigat\u00f3rio para podermos responder aos requisitos e \u00e0s necessidades legais que surgiram este ano.\u2019 <\/em> <b> Jos\u00e9 Silva &#8211; Diretor de Inform\u00e1tica <\/b><\/p><\/blockquote>\n<\/div>\n<p style=\"text-align: left;\"><b> A vis\u00e3o estrat\u00e9gica do Grupo est\u00e1 assente na inova\u00e7\u00e3o tecnol\u00f3gica e de processos de gest\u00e3o, acompanhamento das necessidades dos clientes, cumprimento das normas de qualidade e seguran\u00e7a alimentar, parcerias sustent\u00e1veis com rede de retalhistas e otimiza\u00e7\u00e3o do seu capital humano atrav\u00e9s de forma\u00e7\u00e3o cont\u00ednua.<\/b><\/p>\n<div class=\"well\" style=\"text-align: left;\">\n<blockquote class=\"text-jutify\" style=\"margin-bottom: 0;\"><p><em>\u2018N\u00f3s tent\u00e1mos encontrar um software mais disciplinador dos processos e tarefas executadas pelos operadores, com melhor controlo dos stocks, dos plafons de cr\u00e9dito dos clientes, necessidade de utilizar dispositivos m\u00f3veis, portanto, toda uma s\u00e9rie de situa\u00e7\u00f5es que n\u00f3s precis\u00e1vamos de regularizar e de controlar. \u00c9 uma solu\u00e7\u00e3o integrada que cobre todas as \u00e1reas da empresa.\u2019 <\/em> <b> Jos\u00e9 Silva &#8211; Diretor de Inform\u00e1tica <\/b><\/p><\/blockquote>\n<\/div>\n<hr \/>\n<div class=\"jumbotron jumbotron-primary\">\n<h3 style=\"text-align: left;\">Descobra Mais<\/h3>\n<p style=\"text-align: left;\"><a class=\"btn btn-primary btn-lg\" href=\"https:\/\/youtu.be\/rpfrqxJJxmY\" target=\"_blank\" rel=\"noopener\"> Saiba Tudo Aqui<\/a><\/p>\n<\/div>\n<!--themify_builder_content-->\n<div id=\"themify_builder_content-11588\" data-postid=\"11588\" class=\"themify_builder_content themify_builder_content-11588 themify_builder tf_clear\">\n    <\/div>\n<!--\/themify_builder_content-->\n","protected":false},"excerpt":{"rendered":"<p>Grupo Malaquias fiel \u00e0s Solu\u00e7\u00f5es de Gest\u00e3o Microsoft implementadas por Arquiconsult. O Grupo Malaquias, constitu\u00eddo por duas empresas com 100% capital nacional, \u00e9 hoje uma importante refer\u00eancia em Portugal, no mercado Africano e Europeu no Sector Alimentar (quer como grossita e retalhista de produtos alimentares, quer no engarrafamento e comercializa\u00e7\u00e3o de vinhos) e conta com [&hellip;]<\/p>\n","protected":false},"author":4,"featured_media":29853,"comment_status":"open","ping_status":"open","sticky":false,"template":"","format":"standard","meta":[],"categories":[1129],"tags":[1150,1277,1147,1149,1213,1768],"acf":[],"_links":{"self":[{"href":"https:\/\/arquiconsult.com\/pt-br\/wp-json\/wp\/v2\/posts\/11588"}],"collection":[{"href":"https:\/\/arquiconsult.com\/pt-br\/wp-json\/wp\/v2\/posts"}],"about":[{"href":"https:\/\/arquiconsult.com\/pt-br\/wp-json\/wp\/v2\/types\/post"}],"author":[{"embeddable":true,"href":"https:\/\/arquiconsult.com\/pt-br\/wp-json\/wp\/v2\/users\/4"}],"replies":[{"embeddable":true,"href":"https:\/\/arquiconsult.com\/pt-br\/wp-json\/wp\/v2\/comments?post=11588"}],"version-history":[{"count":1,"href":"https:\/\/arquiconsult.com\/pt-br\/wp-json\/wp\/v2\/posts\/11588\/revisions"}],"predecessor-version":[{"id":121219,"href":"https:\/\/arquiconsult.com\/pt-br\/wp-json\/wp\/v2\/posts\/11588\/revisions\/121219"}],"wp:featuredmedia":[{"embeddable":true,"href":"https:\/\/arquiconsult.com\/pt-br\/wp-json\/wp\/v2\/media\/29853"}],"wp:attachment":[{"href":"https:\/\/arquiconsult.com\/pt-br\/wp-json\/wp\/v2\/media?parent=11588"}],"wp:term":[{"taxonomy":"category","embeddable":true,"href":"https:\/\/arquiconsult.com\/pt-br\/wp-json\/wp\/v2\/categories?post=11588"},{"taxonomy":"post_tag","embeddable":true,"href":"https:\/\/arquiconsult.com\/pt-br\/wp-json\/wp\/v2\/tags?post=11588"}],"curies":[{"name":"wp","href":"https:\/\/api.w.org\/{rel}","templated":true}]}}