{"id":12467,"date":"2018-03-21T00:00:00","date_gmt":"2021-06-28T14:53:30","guid":{"rendered":"https:\/\/arquiconsult.com\/?p=12467"},"modified":"2026-01-12T14:26:23","modified_gmt":"2026-01-12T14:26:23","slug":"mercedes-benz-portugal-elege-microsoft-bi","status":"publish","type":"post","link":"https:\/\/arquiconsult.com\/pt-br\/mercedes-benz-portugal-elege-microsoft-bi\/","title":{"rendered":"MERCEDES-BENZ PORTUGAL ELEGE MICROSOFT BI COM A ARQUICONSULT"},"content":{"rendered":"<h4 style=\"text-align: left;\">A <a href=\"https:\/\/www.mercedes-benz.pt\/?kpid=go_cmp-11898109844_adg-116973991193_ad-487763012621_kwd-13765796_dev-c_ext-&amp;gclid=CjwKCAiAzrWOBhBjEiwAq85QZ_XfTrKtPiKRX3Erx_4iVXy1EkV4SYVtHOmFbvIxpcrt-2E0THlFZhoCrtkQAvD_BwE\" target=\"_blank\" rel=\"noopener\">Mercedes-Benz<\/a> \u00e9 uma empresa reconhecida por importantes pilares como a import\u00e2ncia que atribui aos seus colaboradores, bem como ao desenvolvimento tecnol\u00f3gico.<\/h4>\n<hr id=\"system-readmore\" \/>\n<p style=\"text-align: left;\">A Mercedes-Benz \u00e9 uma empresa reconhecida por importantes pilares como a import\u00e2ncia que atribui aos seus colaboradores, bem como ao desenvolvimento tecnol\u00f3gico. E porque a inova\u00e7\u00e3o come\u00e7a por modernizar as plataformas inform\u00e1ticas existentes, de forma a simplificar processos produtivos, a Mercedes-Benz alia-se \u00e0 Arquiconsult implementando o <a href=\"https:\/\/arquiconsult.com\/business-intelligence\/\">Business Intelligence<\/a> (BI) enquanto ferramenta de gest\u00e3o.<\/p>\n<p style=\"text-align: left;\"><strong>A escolha da <a href=\"https:\/\/arquiconsult.com\/\">Arquiconsult<\/a> residiu em dois fatores-chave: a proposta e as vantagens paralelas que podem apresentar:<\/strong><\/p>\n<div class=\"well\" style=\"text-align: left;\">\n<blockquote class=\"text-jutify\" style=\"margin-bottom: 0;\"><p>A escolha do Parceiro \u00e9 determinada pela capacidade que este tem em transmitir seguran\u00e7a e entendimento sobre a \u00e1rea de neg\u00f3cio e suas especificidades e capacidade de adaptar a ferramenta ao que \u00e9 exigido. E em paralelo, o dom\u00ednio a n\u00edvel t\u00e9cnico. Essa confian\u00e7a foi transmitida tanto a mim como aos restantes elementos da equipa.<\/p>\n<p><small><cite title=\"Source Title\">Edgar Bai\u00e3o, Consultor BI da Mercedes-Benz<\/cite><\/small><\/p><\/blockquote>\n<\/div>\n<div class=\"jumbotron jumbotron-primary\">\n<h2 style=\"text-align: left;\">Mercedes-Benz Portugal<\/h2>\n<p style=\"text-align: left;\">Fa\u00e7a o download da nossa Press release<\/p>\n<p style=\"text-align: left;\"><a class=\"btn btn-primary btn-lg\" href=\"https:\/\/arquiconsult.com\/wp-content\/uploads\/2022\/08\/arquiconsult_press-release-mercedes-benz_.pdf\" target=\"_blank\" rel=\"noopener\">Descarregar<\/a><\/p>\n<\/div>\n<!--themify_builder_content-->\n<div id=\"themify_builder_content-12467\" data-postid=\"12467\" class=\"themify_builder_content themify_builder_content-12467 themify_builder tf_clear\">\n    <\/div>\n<!--\/themify_builder_content-->\n","protected":false},"excerpt":{"rendered":"<p>A Mercedes-Benz \u00e9 uma empresa reconhecida por importantes pilares como a import\u00e2ncia que atribui aos seus colaboradores, bem como ao desenvolvimento tecnol\u00f3gico. A Mercedes-Benz \u00e9 uma empresa reconhecida por importantes pilares como a import\u00e2ncia que atribui aos seus colaboradores, bem como ao desenvolvimento tecnol\u00f3gico. E porque a inova\u00e7\u00e3o come\u00e7a por modernizar as plataformas inform\u00e1ticas existentes, [&hellip;]<\/p>\n","protected":false},"author":4,"featured_media":30043,"comment_status":"open","ping_status":"open","sticky":false,"template":"","format":"standard","meta":[],"categories":[1129],"tags":[1191,1689],"acf":[],"_links":{"self":[{"href":"https:\/\/arquiconsult.com\/pt-br\/wp-json\/wp\/v2\/posts\/12467"}],"collection":[{"href":"https:\/\/arquiconsult.com\/pt-br\/wp-json\/wp\/v2\/posts"}],"about":[{"href":"https:\/\/arquiconsult.com\/pt-br\/wp-json\/wp\/v2\/types\/post"}],"author":[{"embeddable":true,"href":"https:\/\/arquiconsult.com\/pt-br\/wp-json\/wp\/v2\/users\/4"}],"replies":[{"embeddable":true,"href":"https:\/\/arquiconsult.com\/pt-br\/wp-json\/wp\/v2\/comments?post=12467"}],"version-history":[{"count":1,"href":"https:\/\/arquiconsult.com\/pt-br\/wp-json\/wp\/v2\/posts\/12467\/revisions"}],"predecessor-version":[{"id":121286,"href":"https:\/\/arquiconsult.com\/pt-br\/wp-json\/wp\/v2\/posts\/12467\/revisions\/121286"}],"wp:featuredmedia":[{"embeddable":true,"href":"https:\/\/arquiconsult.com\/pt-br\/wp-json\/wp\/v2\/media\/30043"}],"wp:attachment":[{"href":"https:\/\/arquiconsult.com\/pt-br\/wp-json\/wp\/v2\/media?parent=12467"}],"wp:term":[{"taxonomy":"category","embeddable":true,"href":"https:\/\/arquiconsult.com\/pt-br\/wp-json\/wp\/v2\/categories?post=12467"},{"taxonomy":"post_tag","embeddable":true,"href":"https:\/\/arquiconsult.com\/pt-br\/wp-json\/wp\/v2\/tags?post=12467"}],"curies":[{"name":"wp","href":"https:\/\/api.w.org\/{rel}","templated":true}]}}