{"id":57323,"date":"2023-09-28T10:18:33","date_gmt":"2023-09-28T09:18:33","guid":{"rendered":"https:\/\/arquiconsult.com\/?p=57323"},"modified":"2023-10-12T10:26:06","modified_gmt":"2023-10-12T09:26:06","slug":"cotacoes-e-calculo-de-custos-internos","status":"publish","type":"post","link":"https:\/\/arquiconsult.com\/pt-br\/cotacoes-e-calculo-de-custos-internos\/","title":{"rendered":"Cota\u00e7\u00f5es e C\u00e1lculo de Custos Internos"},"content":{"rendered":"<p>Sabia que com o Navitrans pode <strong>estimar os Custos Internos de utiliza\u00e7\u00e3o de meios<\/strong>, com base nos kms e tempo calculados via cartografia, para a defini\u00e7\u00e3o do valor da Cota\u00e7\u00e3o?<\/p>\n<p>A gest\u00e3o de cota\u00e7\u00f5es Navitrans permite a cria\u00e7\u00e3o e acompanhamento das suas cota\u00e7\u00f5es de transporte. <strong>As cota\u00e7\u00f5es de transporte incluem o c\u00e1lculo de custos, incluindo custos de subcontrata\u00e7\u00e3o, custos internos e portagens<\/strong>, com base nos quais poder\u00e1 determinar um correcto pre\u00e7o de venda.<\/p>\n<p><img loading=\"lazy\" class=\" wp-image-57329 aligncenter\" src=\"https:\/\/arquiconsult.com\/wp-content\/uploads\/2023\/10\/navitrans-arquitips-640x426.png\" alt=\"navitrans arquitips\" width=\"533\" height=\"355\" srcset=\"https:\/\/arquiconsult.com\/wp-content\/uploads\/2023\/10\/navitrans-arquitips-640x426.png 640w, https:\/\/arquiconsult.com\/wp-content\/uploads\/2023\/10\/navitrans-arquitips-768x512.png 768w, https:\/\/arquiconsult.com\/wp-content\/uploads\/2023\/10\/navitrans-arquitips-320x213.png 320w, https:\/\/arquiconsult.com\/wp-content\/uploads\/2023\/10\/navitrans-arquitips-480x320.png 480w, https:\/\/arquiconsult.com\/wp-content\/uploads\/2023\/10\/navitrans-arquitips.png 776w\" sizes=\"(max-width: 533px) 100vw, 533px\" title=\"-\"><\/p>\n<p><img loading=\"lazy\" class=\" wp-image-57332 aligncenter\" src=\"https:\/\/arquiconsult.com\/wp-content\/uploads\/2023\/10\/navitrans-arquitips1-640x303.png\" alt=\"navitrans arquitips1\" width=\"566\" height=\"268\" srcset=\"https:\/\/arquiconsult.com\/wp-content\/uploads\/2023\/10\/navitrans-arquitips1-640x303.png 640w, https:\/\/arquiconsult.com\/wp-content\/uploads\/2023\/10\/navitrans-arquitips1-768x363.png 768w, https:\/\/arquiconsult.com\/wp-content\/uploads\/2023\/10\/navitrans-arquitips1-320x151.png 320w, https:\/\/arquiconsult.com\/wp-content\/uploads\/2023\/10\/navitrans-arquitips1-480x227.png 480w, https:\/\/arquiconsult.com\/wp-content\/uploads\/2023\/10\/navitrans-arquitips1-800x378.png 800w, https:\/\/arquiconsult.com\/wp-content\/uploads\/2023\/10\/navitrans-arquitips1.png 1121w\" sizes=\"(max-width: 566px) 100vw, 566px\" title=\"-\"><\/p>\n<p>&nbsp;<\/p>\n<p>Poder\u00e1 tamb\u00e9m <strong>integrar as cota\u00e7\u00f5es de transporte com a \u00e1rea de CRM do Dynamics Business Central<\/strong> pela cria\u00e7\u00e3o de oportunidades, ac\u00e7\u00f5es a efectuar e gest\u00e3o por ciclo de venda.<\/p>\n<div class=\"services_vertical horizontal_services row\" style=\"background-color: #efefef; padding: 25px; border-radius: 5px; color: #000000;\">\n<p style=\"text-align: center;\" align=\"center\"><strong><span style=\"font-size: 10.5pt; font-family: 'Tahoma',sans-serif; color: #990000;\">Navitrans <\/span><\/strong><\/p>\n<p style=\"text-align: center;\" align=\"center\"><strong><span style=\"font-size: 9.0pt; font-family: 'Tahoma',sans-serif; color: #000066;\">Uma solu\u00e7\u00e3o em permanente evolu\u00e7\u00e3o para responder \u00e0s exig\u00eancias do sector.<\/span><\/strong><\/p>\n<p style=\"text-align: center; line-height: 105%;\" align=\"center\"><span style=\"font-size: 9.0pt; line-height: 105%; color: #666666;\"><a href=\"#\"><u><span style=\"font-family: 'Helvetica',sans-serif; color: #0563c1;\">transportes e logistica<\/span><\/u><\/a><\/span><\/p>\n<\/div>\n<!--themify_builder_content-->\n<div id=\"themify_builder_content-57323\" data-postid=\"57323\" class=\"themify_builder_content themify_builder_content-57323 themify_builder tf_clear\">\n    <\/div>\n<!--\/themify_builder_content-->\n","protected":false},"excerpt":{"rendered":"<p>Sabia que com o Navitrans pode estimar os Custos Internos de utiliza\u00e7\u00e3o de meios, com base nos kms e tempo calculados via cartografia, para a defini\u00e7\u00e3o do valor da Cota\u00e7\u00e3o? A gest\u00e3o de cota\u00e7\u00f5es Navitrans permite a cria\u00e7\u00e3o e acompanhamento das suas cota\u00e7\u00f5es de transporte. As cota\u00e7\u00f5es de transporte incluem o c\u00e1lculo de custos, incluindo [&hellip;]<\/p>\n","protected":false},"author":4,"featured_media":57335,"comment_status":"open","ping_status":"open","sticky":false,"template":"","format":"standard","meta":[],"categories":[2138],"tags":[2434,2435,1290],"acf":[],"_links":{"self":[{"href":"https:\/\/arquiconsult.com\/pt-br\/wp-json\/wp\/v2\/posts\/57323"}],"collection":[{"href":"https:\/\/arquiconsult.com\/pt-br\/wp-json\/wp\/v2\/posts"}],"about":[{"href":"https:\/\/arquiconsult.com\/pt-br\/wp-json\/wp\/v2\/types\/post"}],"author":[{"embeddable":true,"href":"https:\/\/arquiconsult.com\/pt-br\/wp-json\/wp\/v2\/users\/4"}],"replies":[{"embeddable":true,"href":"https:\/\/arquiconsult.com\/pt-br\/wp-json\/wp\/v2\/comments?post=57323"}],"version-history":[{"count":0,"href":"https:\/\/arquiconsult.com\/pt-br\/wp-json\/wp\/v2\/posts\/57323\/revisions"}],"wp:featuredmedia":[{"embeddable":true,"href":"https:\/\/arquiconsult.com\/pt-br\/wp-json\/wp\/v2\/media\/57335"}],"wp:attachment":[{"href":"https:\/\/arquiconsult.com\/pt-br\/wp-json\/wp\/v2\/media?parent=57323"}],"wp:term":[{"taxonomy":"category","embeddable":true,"href":"https:\/\/arquiconsult.com\/pt-br\/wp-json\/wp\/v2\/categories?post=57323"},{"taxonomy":"post_tag","embeddable":true,"href":"https:\/\/arquiconsult.com\/pt-br\/wp-json\/wp\/v2\/tags?post=57323"}],"curies":[{"name":"wp","href":"https:\/\/api.w.org\/{rel}","templated":true}]}}