{"id":90691,"date":"2025-01-02T15:44:40","date_gmt":"2025-01-02T15:44:40","guid":{"rendered":"https:\/\/arquiconsult.com\/?p=90691"},"modified":"2026-01-12T09:43:40","modified_gmt":"2026-01-12T09:43:40","slug":"zayer-considera-o-processo-de-transicao-digital-em-colaboracao","status":"publish","type":"post","link":"https:\/\/arquiconsult.com\/pt-br\/zayer-considera-o-processo-de-transicao-digital-em-colaboracao\/","title":{"rendered":"ZAYER CONSIDERA O PROCESSO DE TRANSI\u00c7\u00c3O DIGITAL EM COLABORA\u00c7\u00c3O COM ARQUICONSULT UM SUCESSO"},"content":{"rendered":"<!--themify_builder_content-->\n<div id=\"themify_builder_content-90691\" data-postid=\"90691\" class=\"themify_builder_content themify_builder_content-90691 themify_builder tf_clear\">\n    \t<!-- module_row -->\n\t<div  data-lazy=\"1\" class=\"module_row themify_builder_row repeat tb_zkn2204 tb_first tf_clearfix\" >\n\t    \t\t<div class=\"row_inner col_align_top col-count-1 tf_box tf_w tf_rel\">\n\t\t\t<div  data-lazy=\"1\" class=\"module_column tb-column col-full first tb_tsqw204 repeat tf_box\">\n\t\t\t    \t        <div class=\"tb-column-inner tf_box tf_w\">\n\t\t    <!-- module text -->\n<div  class=\"module module-text tb_k13f204   \" data-lazy=\"1\">\n        <div  class=\"tb_text_wrap\">\n    <p class=\"p1\">Ler o artigo completo aqui<\/p>    <\/div>\n<\/div>\n<!-- \/module text --><!-- module buttons -->\n<div  class=\"module module-buttons tb_e6md205 buttons-horizontal transparent contacte-nos large circle tf_textc hover-wow\" data-tf-animation_hover=\"pulse\" data-lazy=\"1\">\n    \t<div class=\"module-buttons-item tf_inline_b\">\n\t\t\t\t\t\t\t<a href=\"https:\/\/arquiconsult.com\/wp-content\/uploads\/2025\/01\/Zayer_pt-1.pdf\" class=\"ui builder_button transparent\" target=\"_blank\" rel=\"noopener\">\n\t\t\t\t\t\t\t\t\t\t\t<span class=\"tf_inline_b tf_vmiddle\">Leia mais<\/span>\n\t\t\t\t\t\t\t\t\t\t\t<\/a>\n\t\t\t    \t<\/div>\n\t<\/div>\n<!-- \/module buttons -->\n\t        <\/div>\n\t    \t<\/div>\n\t\t    <\/div>\n\t    <!-- \/row_inner -->\n\t<\/div>\n\t<!-- \/module_row -->\n\t\t<!-- module_row -->\n\t<div  data-lazy=\"1\" class=\"module_row themify_builder_row tb_rb40993 tf_clearfix\">\n\t    \t\t<div class=\"row_inner col_align_top col-count-1 tf_box tf_w tf_rel\">\n\t\t\t<div  data-lazy=\"1\" class=\"module_column tb-column col-full first tb_lfw1994 tf_box\">\n\t\t\t    \t        <div class=\"tb-column-inner tf_box tf_w\">\n\t\t    <!-- module text -->\n<div  class=\"module module-text tb_9stp994   \" data-lazy=\"1\">\n        <div  class=\"tb_text_wrap\">\n    <h1><strong>ZAYER CONSIDERA O PROCESSO DE TRANSI\u00c7\u00c3O DIGITAL EM COLABORA\u00c7\u00c3O COM ARQUICONSULT UM SUCESSO<\/strong>\u00a0<\/h1><blockquote><p>&#8220;De acordo com Marta, IT Manager da empresa, a escolha da Arquiconsult deveu-se \u00e0 sua s\u00f3lida experi\u00eancia e conhecimento t\u00e9cnico em solu\u00e7\u00f5es Microsoft, bem como \u00e0 sua capacidade de personalizar o ERP e responder \u00e0s demandas dos processos de fabrica\u00e7\u00e3o e produ\u00e7\u00e3o da Zayer.\u00a0<\/p><p>&#8220;A Arquiconsult n\u00e3o s\u00f3 entendeu os nossos desafios, mas tamb\u00e9m demonstrou uma flexibilidade excecional em adaptar o sistema \u00e0s nossas necessidades espec\u00edficas. Essa capacidade de alinhar a tecnologia com os processos da empresa foi fundamental na nossa decis\u00e3o.\u201d\u00a0<\/p><p><strong>Marta \u00c1lvarez Zubizarreta &#8211; Gerente de TI<\/strong><\/p><\/blockquote>    <\/div>\n<\/div>\n<!-- \/module text -->\t        <\/div>\n\t    \t<\/div>\n\t\t    <\/div>\n\t    <!-- \/row_inner -->\n\t<\/div>\n\t<!-- \/module_row -->\n\t<\/div>\n<!--\/themify_builder_content-->","protected":false},"excerpt":{"rendered":"<p>Ler o artigo completo aqui Leia mais ZAYER CONSIDERA O PROCESSO DE TRANSI\u00c7\u00c3O DIGITAL EM COLABORA\u00c7\u00c3O COM ARQUICONSULT UM SUCESSO &#8220;De acordo com Marta, IT Manager da empresa, a escolha da Arquiconsult deveu-se \u00e0 sua s\u00f3lida experi\u00eancia e conhecimento t\u00e9cnico em solu\u00e7\u00f5es Microsoft, bem como \u00e0 sua capacidade de personalizar o ERP e responder \u00e0s [&hellip;]<\/p>\n","protected":false},"author":4,"featured_media":90738,"comment_status":"open","ping_status":"open","sticky":false,"template":"","format":"standard","meta":[],"categories":[1129],"tags":[1150,1147,2629],"acf":[],"_links":{"self":[{"href":"https:\/\/arquiconsult.com\/pt-br\/wp-json\/wp\/v2\/posts\/90691"}],"collection":[{"href":"https:\/\/arquiconsult.com\/pt-br\/wp-json\/wp\/v2\/posts"}],"about":[{"href":"https:\/\/arquiconsult.com\/pt-br\/wp-json\/wp\/v2\/types\/post"}],"author":[{"embeddable":true,"href":"https:\/\/arquiconsult.com\/pt-br\/wp-json\/wp\/v2\/users\/4"}],"replies":[{"embeddable":true,"href":"https:\/\/arquiconsult.com\/pt-br\/wp-json\/wp\/v2\/comments?post=90691"}],"version-history":[{"count":1,"href":"https:\/\/arquiconsult.com\/pt-br\/wp-json\/wp\/v2\/posts\/90691\/revisions"}],"predecessor-version":[{"id":121195,"href":"https:\/\/arquiconsult.com\/pt-br\/wp-json\/wp\/v2\/posts\/90691\/revisions\/121195"}],"wp:featuredmedia":[{"embeddable":true,"href":"https:\/\/arquiconsult.com\/pt-br\/wp-json\/wp\/v2\/media\/90738"}],"wp:attachment":[{"href":"https:\/\/arquiconsult.com\/pt-br\/wp-json\/wp\/v2\/media?parent=90691"}],"wp:term":[{"taxonomy":"category","embeddable":true,"href":"https:\/\/arquiconsult.com\/pt-br\/wp-json\/wp\/v2\/categories?post=90691"},{"taxonomy":"post_tag","embeddable":true,"href":"https:\/\/arquiconsult.com\/pt-br\/wp-json\/wp\/v2\/tags?post=90691"}],"curies":[{"name":"wp","href":"https:\/\/api.w.org\/{rel}","templated":true}]}}